{"id":1434,"date":"2026-05-03T09:53:09","date_gmt":"2026-05-03T09:53:09","guid":{"rendered":"https:\/\/www.assambus-bf.org\/?p=1434"},"modified":"2026-05-03T10:08:44","modified_gmt":"2026-05-03T10:08:44","slug":"assemblee-generale-ordinaire-2026-du-bureau-executif-national-ben","status":"publish","type":"post","link":"https:\/\/www.assambus-bf.org\/?p=1434","title":{"rendered":"Assembl\u00e9e g\u00e9n\u00e9rale ordinaire 2026 du Bureau ex\u00e9cutif national (BEN)"},"content":{"rendered":"<div id=\"fb-root\"><\/div>\n\n<p>R\u00e9unis en Assembl\u00e9e g\u00e9n\u00e9rale ordinaire le vendredi 6 f\u00e9vrier 2026, dans le quartier de Silmissin \u00e0 Ouagadougou, les membres du Bureau ex\u00e9cutif national (BEN) de l\u2019Association d\u2019amiti\u00e9 Burkina Faso\u2013Su\u00e8de (ASSAMBUS) ont tenu leur premi\u00e8re session statutaire de l\u2019ann\u00e9e.<\/p>\n\n\n\n<p>Plac\u00e9e sous la pr\u00e9sidence de M. Eric P. Zongo, Pr\u00e9sident d\u2019ASSAMBUS Burkina, en pr\u00e9sence de M. Daogo Zoungrana, Pr\u00e9sident d\u2019ASSAMBUS Su\u00e8de, cette rencontre s\u2019inscrit dans le cadre des concertations p\u00e9riodiques de l\u2019organisation. Elle a permis de dresser un \u00e9tat des lieux des activit\u00e9s de la section burkinab\u00e8, d\u2019examiner les perspectives \u00e0 venir, ainsi que d\u2019engager des \u00e9changes approfondis sur les pr\u00e9paratifs du 40\u1d49 anniversaire de l\u2019association, pr\u00e9vu en Su\u00e8de.<\/p>\n\n\n\n<p>Dans le cadre de l\u2019\u00e9valuation de l&#8217;\u00e9tat des lieux des activit\u00e9s de la section burkinab\u00e8 d\u2019ASSAMBUS, M. Eric P. Zongo a indiqu\u00e9 sans \u00e9quivoque que celles-ci ont connu un net ralentissement, cons\u00e9cutif notamment \u00e0 la fermeture de l\u2019Ambassade de Su\u00e8de intervenue le 31 d\u00e9cembre 2024.<\/p>\n\n\n\n<p>Selon ses propos, cette situation a \u00e9t\u00e9 particuli\u00e8rement \u00e9prouvante pour ASSAMBUS Burkina Faso. Cette d\u00e9cision est en effet survenue \u00e0 un moment o\u00f9 le pays, confront\u00e9 \u00e0 une crise s\u00e9curitaire et humanitaire majeure, comptait fortement sur l\u2019appui de ses partenaires, au nombre desquels figurait la Su\u00e8de. Elle est \u00e9galement intervenue alors m\u00eame que plusieurs initiatives \u00e9taient en cours d\u2019\u00e9laboration avec la repr\u00e9sentation diplomatique su\u00e9doise.<\/p>\n\n\n\n<p>M. Zongo a, par ailleurs, tenu \u00e0 exprimer de nouveau sa profonde gratitude \u00e0 Son Excellence Madame l\u2019Ambassadrice Maria Sargen, pour l\u2019int\u00e9r\u00eat constant qu\u2019elle a t\u00e9moign\u00e9 \u00e0 l\u2019\u00e9gard d\u2019ASSAMBUS.<\/p>\n\n\n\n<p>Pour le Pr\u00e9sident, une telle conjoncture devrait toutefois constituer un levier d\u2019action, incitant l\u2019organisation \u00e0 redoubler d\u2019efforts. Il a ainsi soulign\u00e9 que, l\u00e0 o\u00f9 les canaux politiques se r\u00e9v\u00e8lent d\u00e9faillants, il incombe aux peuples de prendre le relais afin de pr\u00e9server et de nourrir les liens d\u2019amiti\u00e9 entre le Burkina Faso et la Su\u00e8de, \u00e0 travers ce qu\u2019il a qualifi\u00e9 de \u00ab diplomatie citoyenne \u00bb.<\/p>\n\n\n\n<p>Dans cette perspective, il a affirm\u00e9 placer de grands espoirs en ASSAMBUS-Su\u00e8de, et plus particuli\u00e8rement en son pr\u00e9sident, M. Daogo Zoungrana, pour impulser des initiatives et des activit\u00e9s allant dans ce sens.<\/p>\n\n\n\n<p>Dans le cadre de la pr\u00e9paration du quaranti\u00e8me anniversaire de l\u2019ASSAMBUS, pr\u00e9vu en octobre 2026 \u00e0 Stockholm, en Su\u00e8de, le Bureau ex\u00e9cutif national, en concertation avec le pr\u00e9sident d\u2019ASSAMBUS-Su\u00e8de, a propos\u00e9 l\u2019organisation d\u2019un panel de r\u00e9flexion intitul\u00e9 : \u00ab <strong>Comment r\u00e9inventer l\u2019avenir<\/strong> \u00bb.<\/p>\n\n\n\n<p>Par ailleurs, il a \u00e9t\u00e9 recommand\u00e9 de porter la dur\u00e9e des festivit\u00e9s \u00e0 deux jours, en lieu et place d\u2019une seule journ\u00e9e, afin d\u2019enrichir le programme et d\u2019en accro\u00eetre la port\u00e9e.<\/p>\n\n\n\n<p>Le Bureau a \u00e9galement pr\u00e9conis\u00e9 l\u2019int\u00e9gration d\u2019une activit\u00e9 culturelle d\u2019envergure, destin\u00e9e \u00e0 mettre en lumi\u00e8re la dimension culturelle, laquelle constitue l\u2019un des piliers essentiels de l\u2019association.<\/p>\n","protected":false},"excerpt":{"rendered":"<p>R\u00e9unis en Assembl\u00e9e g\u00e9n\u00e9rale ordinaire le vendredi 6 f\u00e9vrier 2026, dans le quartier de Silmissin \u00e0 Ouagadougou, les membres du Bureau ex\u00e9cutif national (BEN) de l\u2019Association d\u2019amiti\u00e9 Burkina Faso\u2013Su\u00e8de (ASSAMBUS) ont tenu leur premi\u00e8re session statutaire de l\u2019ann\u00e9e. Plac\u00e9e sous la pr\u00e9sidence de M. Eric P. Zongo, Pr\u00e9sident d\u2019ASSAMBUS Burkina, en pr\u00e9sence de M. Daogo<\/p>\n","protected":false},"author":1,"featured_media":1435,"comment_status":"open","ping_status":"open","sticky":false,"template":"","format":"standard","meta":{"footnotes":""},"categories":[9],"tags":[],"class_list":["post-1434","post","type-post","status-publish","format-standard","has-post-thumbnail","hentry","category-assamblee_generale"],"_links":{"self":[{"href":"https:\/\/www.assambus-bf.org\/index.php?rest_route=\/wp\/v2\/posts\/1434","targetHints":{"allow":["GET"]}}],"collection":[{"href":"https:\/\/www.assambus-bf.org\/index.php?rest_route=\/wp\/v2\/posts"}],"about":[{"href":"https:\/\/www.assambus-bf.org\/index.php?rest_route=\/wp\/v2\/types\/post"}],"author":[{"embeddable":true,"href":"https:\/\/www.assambus-bf.org\/index.php?rest_route=\/wp\/v2\/users\/1"}],"replies":[{"embeddable":true,"href":"https:\/\/www.assambus-bf.org\/index.php?rest_route=%2Fwp%2Fv2%2Fcomments&post=1434"}],"version-history":[{"count":5,"href":"https:\/\/www.assambus-bf.org\/index.php?rest_route=\/wp\/v2\/posts\/1434\/revisions"}],"predecessor-version":[{"id":1440,"href":"https:\/\/www.assambus-bf.org\/index.php?rest_route=\/wp\/v2\/posts\/1434\/revisions\/1440"}],"wp:featuredmedia":[{"embeddable":true,"href":"https:\/\/www.assambus-bf.org\/index.php?rest_route=\/wp\/v2\/media\/1435"}],"wp:attachment":[{"href":"https:\/\/www.assambus-bf.org\/index.php?rest_route=%2Fwp%2Fv2%2Fmedia&parent=1434"}],"wp:term":[{"taxonomy":"category","embeddable":true,"href":"https:\/\/www.assambus-bf.org\/index.php?rest_route=%2Fwp%2Fv2%2Fcategories&post=1434"},{"taxonomy":"post_tag","embeddable":true,"href":"https:\/\/www.assambus-bf.org\/index.php?rest_route=%2Fwp%2Fv2%2Ftags&post=1434"}],"curies":[{"name":"wp","href":"https:\/\/api.w.org\/{rel}","templated":true}]}}